{"id":7997,"date":"2021-11-22T00:00:00","date_gmt":"2021-11-22T00:00:00","guid":{"rendered":"https:\/\/capelladeministrers.com\/sin-categorizar\/capella-de-ministrers-es-nominada-als-premis-internacionals-de-musica-clasica-per-cantigas-de-santa-maria-i-germanies\/"},"modified":"2023-07-03T14:56:38","modified_gmt":"2023-07-03T14:56:38","slug":"capella-de-ministrers-es-nominada-als-premis-internacionals-de-musica-clasica-per-cantigas-de-santa-maria-i-germanies","status":"publish","type":"post","link":"https:\/\/capelladeministrers.com\/ca\/noticies\/capella-de-ministrers-es-nominada-als-premis-internacionals-de-musica-clasica-per-cantigas-de-santa-maria-i-germanies\/","title":{"rendered":"Capella de Ministrers es nominada als Premis Interna\u00adcionals de M\u00fasica Cl\u00e1sica per \u2018Cantigas de Santa Mar\u00eda\u2019 i \u2018Germanies\u2019"},"content":{"rendered":"\n<p>Val\u00e8ncia, 18 de novembre de 2021<\/p>\n\n\n\n<p>Capella de Ministrers ha sigut nominada pel jurat dels prestigiosos Premis Internacionals de M\u00fasica Cl\u00e0ssica (ICMA en les seues sigles en angl\u00e9s) en la categoria de M\u00fasica Antiga per dos discos: Cantigues de Santa Maria i Germanies. En aquests treballs, la formaci\u00f3 aborda la coneguda obra d&#8217;Alfons X el Savi (Toledo, 1221 &#8211; Sevilla, 1284); i m\u00fasiques de guerra i de pau del Renaixement de diversos compositors europeus en commemoraci\u00f3 de la Guerra de les Germanies, respectivament.<\/p>\n\n\n\n<p>Els Premis ICMA, considerats els Grammy de la m\u00fasica cl\u00e0ssica, han anunciat les nominacions que reuneixen a rellevants solistes, conjunts, directors i orquestres, aix\u00ed com a molts m\u00fasics joves que han sigut seleccionats per primera vegada en 2022. El jurat, compost per membres d&#8217;algunes de les publicacions especialitzades europees m\u00e9s reputades, ha seleccionat 17 propostes en la secci\u00f3 de M\u00fasica Antiga i un total de 377 produccions d&#8217;\u00e0udio i v\u00eddeo en 16 categories diferents (barroc, \u00f2pera, m\u00fasica vocal, de cambra, simf\u00f2nica, contempor\u00e0nia&#8230;).\r\n\r\nPer a ser nominada, una producci\u00f3 ha de ser proposada per almenys dos membres del jurat, els quals donaran a con\u00e9ixer els finalistes el 14 de desembre i informaran dels guanyadors el 20 de gener de 2022. La cerim\u00f2nia de lliurament dels guardons tindr\u00e0 lloc a la Philharmonie de Luxemburg el 21 d&#8217;abril i el concert de gala estar\u00e0 a c\u00e0rrec de la Filharm\u00f2nica de Luxemburg, dirigida per un dels guanyadors d&#8217;enguany.<\/p>\n\n\n\n<p>Capella de Ministrers, dirigida per Carles Magraner i que complir\u00e0 35 anys de pres\u00e8ncia en el panorama musical nacional i internacional de la m\u00fasica hist\u00f2rica en 2022, va obtindre el Premi Carles Santos i el Premi ICMA en 2018 on va ser finalista en 2021, entre altres molts guardons al llarg de la seua dilatada hist\u00f2ria. La agrupaci\u00f3 treballa en la recuperaci\u00f3 d&#8217;un patrimoni que ha recollit en 64 discos propis i en diverses participacions, recopilatoris i CDs promocionals, un gran llegat que ha dif\u00f3s en m\u00e9s de 1.600 concerts en reputats auditoris d&#8217;Europa, \u00c0sia, \u00c0frica i Am\u00e8rica.<\/p>\n\n\n\n<p>Magraner, despr\u00e9s d&#8217;agrair al jurat la nominaci\u00f3 i felicitar les propostes seleccionades, ha assegurat que &#8220;\u00e9s un nou suport per al projecte que portem a terme des de fa m\u00e9s de tres d\u00e8cades&#8221;. El music\u00f2leg i viole de m\u00e0 ha subratllat que &#8220;en aquesta edici\u00f3 dos discs han sigut considerats per experts de la premsa especialitzada europea i aix\u00f2 ens d\u00f3na for\u00e7a per a seguir treballant en la recuperaci\u00f3 d&#8217;un vaste patrimoni musical i a continuar sent una formaci\u00f3 de refer\u00e8ncia en la m\u00fasica hist\u00f2rica&#8221;.<\/p>\n\n\n\n<p><strong>Cantigues de Santa Maria<\/strong>\r\nCapella de Ministrers, recopila 19 obres en el disc Cantigues de Santa Maria corresponents a diverses gravacions: El Grial, La Ruta de la Seda, Ramon Llull, Moresca, Musica Angelica i Lamento di Tristano amb les quals la formaci\u00f3 commemora tres efem\u00e8rides: el 800 aniversari del naixement d&#8217;Alfons X el Savi, l&#8217;Any Sant Xacobeu i la desena edici\u00f3 de Early Music Morella (Castell\u00f3), celebrada el passat juliol.\r\n\r\nLes Cantigues foren un gran projecte del monarca, que va donar un gran impuls al coneixement en el segle XIII, que es va convertir &#8220;en una de les aportacions m\u00e9s importants al m\u00f3n de la cultura en el Medievo tard\u00e0&#8221;, tal com exposa Maricarmen G\u00f3mez Muntan\u00e9 (Universitat Aut\u00f2noma de Barcelona) en el llibret del disc. Capella de Ministrers rendeix homenatge a la labor d&#8217;Alfons X el Savi per a potenciar la col\u00b7laboraci\u00f3 d&#8217;intel\u00b7lectuals cristians, musulmans i jueus en ciutats com Toledo, Sevilla i M\u00farcia; i fonamentalment a les seues Cantigues, una gran obra que forma part d&#8217;un llegat musical vinculat als territoris que conformen el Cam\u00ed de Santiago.<\/p>\n\n\n\n<p>Germanies\r\nLa publicaci\u00f3 de Germanies commemora el 500 aniversari de la Guerra de les Germanies (1519-1523) que va enfrontar a artesans i una burgesia emergent contra la noblesa en els antics Regnes de Val\u00e8ncia i Mallorca i en alguns llocs de Catalunya. En el disc, m\u00fasica, guerra i hist\u00f2ria van de la m\u00e0 en un treball que fa un periple a trav\u00e9s d&#8217;obres representatives d&#8217;una \u00e8poca que d\u00f3na pas a l&#8217;Edat Moderna.\r\n\r\nPer a experts com Javier Mar\u00edn-L\u00f3pez i Virginia S\u00e1nchez-L\u00f3pez (Universitat de Ja\u00e9n), &#8220;Capella de Ministrers explora part del repertori de cort bel\u00b7lic compost en Europa durant el &#8216;llarg&#8217; segle XVI, un per\u00edode en qu\u00e8 la cultura de les armes constitu\u00efa una caracter\u00edstica distintiva de la noblesa i la reialesa, sent part fonamental de la seua formaci\u00f3&#8221;. Assenyalen que algunes de les peces &#8220;es vinculen amb fets associats a les campanyes militars de Carles V&#8221;, i altres &#8220;constitueixen veritables batalles musicals que representen els sons i el fragor de la guerra, simulant tocs de tambors, trets, fanf\u00e0rries i els t\u00edpics crits de crida a les armes&#8221;.<\/p>\n\n\n\n<p>&nbsp;<\/p>\n","protected":false},"excerpt":{"rendered":"<p>Val\u00e8ncia, 18 de novembre de 2021 Capella de Ministrers ha sigut nominada pel jurat dels prestigiosos Premis Internacionals de M\u00fasica Cl\u00e0ssica (ICMA en les seues sigles en angl\u00e9s) en la categoria de M\u00fasica Antiga per dos discos: Cantigues de Santa Maria i Germanies. En aquests treballs, la formaci\u00f3 aborda la coneguda obra d&#8217;Alfons X el [&hellip;]<\/p>\n","protected":false},"author":1,"featured_media":6785,"comment_status":"open","ping_status":"open","sticky":false,"template":"","format":"standard","meta":{"ocean_post_layout":"","ocean_both_sidebars_style":"","ocean_both_sidebars_content_width":0,"ocean_both_sidebars_sidebars_width":0,"ocean_sidebar":"0","ocean_second_sidebar":"0","ocean_disable_margins":"enable","ocean_add_body_class":"","ocean_shortcode_before_top_bar":"","ocean_shortcode_after_top_bar":"","ocean_shortcode_before_header":"","ocean_shortcode_after_header":"","ocean_has_shortcode":"","ocean_shortcode_after_title":"","ocean_shortcode_before_footer_widgets":"","ocean_shortcode_after_footer_widgets":"","ocean_shortcode_before_footer_bottom":"","ocean_shortcode_after_footer_bottom":"","ocean_display_top_bar":"default","ocean_display_header":"default","ocean_header_style":"","ocean_center_header_left_menu":"0","ocean_custom_header_template":"0","ocean_custom_logo":0,"ocean_custom_retina_logo":0,"ocean_custom_logo_max_width":0,"ocean_custom_logo_tablet_max_width":0,"ocean_custom_logo_mobile_max_width":0,"ocean_custom_logo_max_height":0,"ocean_custom_logo_tablet_max_height":0,"ocean_custom_logo_mobile_max_height":0,"ocean_header_custom_menu":"0","ocean_menu_typo_font_family":"0","ocean_menu_typo_font_subset":"","ocean_menu_typo_font_size":0,"ocean_menu_typo_font_size_tablet":0,"ocean_menu_typo_font_size_mobile":0,"ocean_menu_typo_font_size_unit":"px","ocean_menu_typo_font_weight":"","ocean_menu_typo_font_weight_tablet":"","ocean_menu_typo_font_weight_mobile":"","ocean_menu_typo_transform":"","ocean_menu_typo_transform_tablet":"","ocean_menu_typo_transform_mobile":"","ocean_menu_typo_line_height":0,"ocean_menu_typo_line_height_tablet":0,"ocean_menu_typo_line_height_mobile":0,"ocean_menu_typo_line_height_unit":"","ocean_menu_typo_spacing":0,"ocean_menu_typo_spacing_tablet":0,"ocean_menu_typo_spacing_mobile":0,"ocean_menu_typo_spacing_unit":"","ocean_menu_link_color":"","ocean_menu_link_color_hover":"","ocean_menu_link_color_active":"","ocean_menu_link_background":"","ocean_menu_link_hover_background":"","ocean_menu_link_active_background":"","ocean_menu_social_links_bg":"","ocean_menu_social_hover_links_bg":"","ocean_menu_social_links_color":"","ocean_menu_social_hover_links_color":"","ocean_disable_title":"default","ocean_disable_heading":"default","ocean_post_title":"","ocean_post_subheading":"","ocean_post_title_style":"","ocean_post_title_background_color":"","ocean_post_title_background":0,"ocean_post_title_bg_image_position":"","ocean_post_title_bg_image_attachment":"","ocean_post_title_bg_image_repeat":"","ocean_post_title_bg_image_size":"","ocean_post_title_height":0,"ocean_post_title_bg_overlay":0.5,"ocean_post_title_bg_overlay_color":"","ocean_disable_breadcrumbs":"default","ocean_breadcrumbs_color":"","ocean_breadcrumbs_separator_color":"","ocean_breadcrumbs_links_color":"","ocean_breadcrumbs_links_hover_color":"","ocean_display_footer_widgets":"default","ocean_display_footer_bottom":"default","ocean_custom_footer_template":"0","ocean_post_oembed":"","ocean_post_self_hosted_media":"","ocean_post_video_embed":"","ocean_link_format":"","ocean_link_format_target":"self","ocean_quote_format":"","ocean_quote_format_link":"post","ocean_gallery_link_images":"off","ocean_gallery_id":[],"footnotes":""},"categories":[102],"tags":[],"class_list":["post-7997","post","type-post","status-publish","format-standard","has-post-thumbnail","hentry","category-noticies","entry","has-media","owp-thumbs-layout-vertical","owp-btn-big","owp-tabs-layout-section","has-no-thumbnails"],"_links":{"self":[{"href":"https:\/\/capelladeministrers.com\/ca\/wp-json\/wp\/v2\/posts\/7997","targetHints":{"allow":["GET"]}}],"collection":[{"href":"https:\/\/capelladeministrers.com\/ca\/wp-json\/wp\/v2\/posts"}],"about":[{"href":"https:\/\/capelladeministrers.com\/ca\/wp-json\/wp\/v2\/types\/post"}],"author":[{"embeddable":true,"href":"https:\/\/capelladeministrers.com\/ca\/wp-json\/wp\/v2\/users\/1"}],"replies":[{"embeddable":true,"href":"https:\/\/capelladeministrers.com\/ca\/wp-json\/wp\/v2\/comments?post=7997"}],"version-history":[{"count":0,"href":"https:\/\/capelladeministrers.com\/ca\/wp-json\/wp\/v2\/posts\/7997\/revisions"}],"wp:featuredmedia":[{"embeddable":true,"href":"https:\/\/capelladeministrers.com\/ca\/wp-json\/wp\/v2\/media\/6785"}],"wp:attachment":[{"href":"https:\/\/capelladeministrers.com\/ca\/wp-json\/wp\/v2\/media?parent=7997"}],"wp:term":[{"taxonomy":"category","embeddable":true,"href":"https:\/\/capelladeministrers.com\/ca\/wp-json\/wp\/v2\/categories?post=7997"},{"taxonomy":"post_tag","embeddable":true,"href":"https:\/\/capelladeministrers.com\/ca\/wp-json\/wp\/v2\/tags?post=7997"}],"curies":[{"name":"wp","href":"https:\/\/api.w.org\/{rel}","templated":true}]}}