{"id":11295,"date":"2026-02-12T11:56:45","date_gmt":"2026-02-12T11:56:45","guid":{"rendered":"https:\/\/capelladeministrers.com\/sin-categorizar\/carles-magraner-presenta-el-seu-nou-treball-discografic-san-francesco-giullare-di-dio\/"},"modified":"2026-02-12T12:06:40","modified_gmt":"2026-02-12T12:06:40","slug":"carles-magraner-presenta-el-seu-nou-treball-discografic-san-francesco-giullare-di-dio","status":"publish","type":"post","link":"https:\/\/capelladeministrers.com\/ca\/noticies\/carles-magraner-presenta-el-seu-nou-treball-discografic-san-francesco-giullare-di-dio\/","title":{"rendered":"Carles Magraner presenta el seu nou treball discogr\u00e0fic: &#8220;San Francesco. Giullare di Dio&#8221;"},"content":{"rendered":"\n<p class=\"has-text-align-left\">Aquest disc proposa un recorregut sonor pels segles XIII i XIV, posant l&#8217;accent en el context espiritual i intel\u00b7lectual de l&#8217;Orde dels Germans Menors en el 800 aniversari de la seua mort (1226-2026).<\/p>\n\n<div class=\"wp-block-columns is-layout-flex wp-container-core-columns-is-layout-9d6595d7 wp-block-columns-is-layout-flex\">\n<div class=\"wp-block-column is-layout-flow wp-block-column-is-layout-flow\" style=\"flex-basis:50%\">\n<figure class=\"wp-block-image size-full is-resized\"><img loading=\"lazy\" decoding=\"async\" width=\"600\" height=\"600\" src=\"https:\/\/capelladeministrers.com\/wp-content\/uploads\/2026\/01\/CdM2661.jpg\" alt=\"\" class=\"wp-image-11140\" style=\"width:352px;height:auto\" srcset=\"https:\/\/capelladeministrers.com\/wp-content\/uploads\/2026\/01\/CdM2661.jpg 600w, https:\/\/capelladeministrers.com\/wp-content\/uploads\/2026\/01\/CdM2661-300x300.jpg 300w, https:\/\/capelladeministrers.com\/wp-content\/uploads\/2026\/01\/CdM2661-150x150.jpg 150w, https:\/\/capelladeministrers.com\/wp-content\/uploads\/2026\/01\/CdM2661-100x100.jpg 100w\" sizes=\"auto, (max-width: 600px) 100vw, 600px\" \/><\/figure>\n\n\n\n<figure class=\"wp-block-embed is-type-video is-provider-youtube wp-block-embed-youtube wp-embed-aspect-16-9 wp-has-aspect-ratio\"><div class=\"wp-block-embed__wrapper\">\r\n<p class=\"responsive-video-wrap clr\"><iframe loading=\"lazy\" title=\"San Francesco (Teaser) Capella de Ministrers\" width=\"1200\" height=\"675\" src=\"https:\/\/www.youtube.com\/embed\/y6uVZSBZzSY?feature=oembed\" frameborder=\"0\" allow=\"accelerometer; autoplay; clipboard-write; encrypted-media; gyroscope; picture-in-picture; web-share\" referrerpolicy=\"strict-origin-when-cross-origin\" allowfullscreen><\/iframe><\/p>\r\n<\/div><\/figure><br>\n\n\n\n<p>Teaser &#8220;San Francesco&#8221;<\/p>\n<\/div>\n\n\n\n<div class=\"wp-block-column is-layout-flow wp-block-column-is-layout-flow\" style=\"flex-basis:60%\">\n<p>Sant Francesc d&#8217;Ass\u00eds \u00e9s una de les figures m\u00e9s universals de la hist\u00f2ria occidental, venerat no sols per la tradici\u00f3 cat\u00f2lica, sin\u00f3 tamb\u00e9 per comunitats protestants, ortodoxes i per nombrosos no cristians, atrets pel seu missatge de pobresa, fraternitat i amor a la creaci\u00f3. La seua vida i llegat han sigut \u00e0mpliament difosos a trav\u00e9s de biografies, documentals i obres cinematogr\u00e0fiques, i ara troben una nova lectura des de la m\u00fasica hist\u00f2rica.<\/p>\n\n\n\n<p>El disc, que commemora en 2026 el 800 aniversari de la seua mort, compta amb la col\u00b7laboraci\u00f3 d&#8217;Angelo Rusconi i proposa un recorregut sonor pels segles XIII i XIV, posant l&#8217;accent en el context espiritual i intel\u00b7lectual de l&#8217;Orde dels Germans Menors, fundada per Francesco Bernardone. Els franciscans van realitzar aportacions decisives a la teoria i la pr\u00e0ctica musical medieval, tant en l&#8217;\u00e0mbit del cant pla com en la reflexi\u00f3 te\u00f2rica, amb tractats fonamentals i manuals destinats a la formaci\u00f3 musical dels novicis i la dimensi\u00f3 popular del franciscanisme a trav\u00e9s de les laude spirituali.\n<\/p>\n\n\n\n<p>L&#8217;\u00e0lbum est\u00e0 disponible a partir del 16 de febrer a la web de Capella de Ministrers, en botigues i en plataformes digitals.<\/p>\n\n\n\n<p><\/p>\n<\/div>\n<\/div>\n\n<hr class=\"wp-block-separator has-text-color has-cyan-bluish-gray-color has-alpha-channel-opacity has-cyan-bluish-gray-background-color has-background is-style-wide\"\/>\n\n<p><\/p>\n","protected":false},"excerpt":{"rendered":"<p>Aquest disc proposa un recorregut sonor pels segles XIII i XIV, posant l&#8217;accent en el context espiritual i intel\u00b7lectual de l&#8217;Orde dels Germans Menors en el 800 aniversari de la seua mort (1226-2026). Teaser &#8220;San Francesco&#8221; Sant Francesc d&#8217;Ass\u00eds \u00e9s una de les figures m\u00e9s universals de la hist\u00f2ria occidental, venerat no sols per la [&hellip;]<\/p>\n","protected":false},"author":437,"featured_media":11141,"comment_status":"closed","ping_status":"closed","sticky":false,"template":"","format":"standard","meta":{"ocean_post_layout":"","ocean_both_sidebars_style":"","ocean_both_sidebars_content_width":0,"ocean_both_sidebars_sidebars_width":0,"ocean_sidebar":"0","ocean_second_sidebar":"0","ocean_disable_margins":"enable","ocean_add_body_class":"","ocean_shortcode_before_top_bar":"","ocean_shortcode_after_top_bar":"","ocean_shortcode_before_header":"","ocean_shortcode_after_header":"","ocean_has_shortcode":"","ocean_shortcode_after_title":"","ocean_shortcode_before_footer_widgets":"","ocean_shortcode_after_footer_widgets":"","ocean_shortcode_before_footer_bottom":"","ocean_shortcode_after_footer_bottom":"","ocean_display_top_bar":"default","ocean_display_header":"default","ocean_header_style":"","ocean_center_header_left_menu":"0","ocean_custom_header_template":"0","ocean_custom_logo":0,"ocean_custom_retina_logo":0,"ocean_custom_logo_max_width":0,"ocean_custom_logo_tablet_max_width":0,"ocean_custom_logo_mobile_max_width":0,"ocean_custom_logo_max_height":0,"ocean_custom_logo_tablet_max_height":0,"ocean_custom_logo_mobile_max_height":0,"ocean_header_custom_menu":"0","ocean_menu_typo_font_family":"0","ocean_menu_typo_font_subset":"","ocean_menu_typo_font_size":0,"ocean_menu_typo_font_size_tablet":0,"ocean_menu_typo_font_size_mobile":0,"ocean_menu_typo_font_size_unit":"px","ocean_menu_typo_font_weight":"","ocean_menu_typo_font_weight_tablet":"","ocean_menu_typo_font_weight_mobile":"","ocean_menu_typo_transform":"","ocean_menu_typo_transform_tablet":"","ocean_menu_typo_transform_mobile":"","ocean_menu_typo_line_height":0,"ocean_menu_typo_line_height_tablet":0,"ocean_menu_typo_line_height_mobile":0,"ocean_menu_typo_line_height_unit":"","ocean_menu_typo_spacing":0,"ocean_menu_typo_spacing_tablet":0,"ocean_menu_typo_spacing_mobile":0,"ocean_menu_typo_spacing_unit":"","ocean_menu_link_color":"","ocean_menu_link_color_hover":"","ocean_menu_link_color_active":"","ocean_menu_link_background":"","ocean_menu_link_hover_background":"","ocean_menu_link_active_background":"","ocean_menu_social_links_bg":"","ocean_menu_social_hover_links_bg":"","ocean_menu_social_links_color":"","ocean_menu_social_hover_links_color":"","ocean_disable_title":"default","ocean_disable_heading":"default","ocean_post_title":"","ocean_post_subheading":"","ocean_post_title_style":"","ocean_post_title_background_color":"","ocean_post_title_background":0,"ocean_post_title_bg_image_position":"","ocean_post_title_bg_image_attachment":"","ocean_post_title_bg_image_repeat":"","ocean_post_title_bg_image_size":"","ocean_post_title_height":0,"ocean_post_title_bg_overlay":0.5,"ocean_post_title_bg_overlay_color":"","ocean_disable_breadcrumbs":"default","ocean_breadcrumbs_color":"","ocean_breadcrumbs_separator_color":"","ocean_breadcrumbs_links_color":"","ocean_breadcrumbs_links_hover_color":"","ocean_display_footer_widgets":"default","ocean_display_footer_bottom":"default","ocean_custom_footer_template":"0","ocean_post_oembed":"","ocean_post_self_hosted_media":"","ocean_post_video_embed":"","ocean_link_format":"","ocean_link_format_target":"self","ocean_quote_format":"","ocean_quote_format_link":"post","ocean_gallery_link_images":"on","ocean_gallery_id":[],"footnotes":""},"categories":[102],"tags":[119],"class_list":["post-11295","post","type-post","status-publish","format-standard","has-post-thumbnail","hentry","category-noticies","tag-destacat","entry","has-media","owp-thumbs-layout-vertical","owp-btn-big","owp-tabs-layout-section","has-no-thumbnails"],"_links":{"self":[{"href":"https:\/\/capelladeministrers.com\/ca\/wp-json\/wp\/v2\/posts\/11295","targetHints":{"allow":["GET"]}}],"collection":[{"href":"https:\/\/capelladeministrers.com\/ca\/wp-json\/wp\/v2\/posts"}],"about":[{"href":"https:\/\/capelladeministrers.com\/ca\/wp-json\/wp\/v2\/types\/post"}],"author":[{"embeddable":true,"href":"https:\/\/capelladeministrers.com\/ca\/wp-json\/wp\/v2\/users\/437"}],"replies":[{"embeddable":true,"href":"https:\/\/capelladeministrers.com\/ca\/wp-json\/wp\/v2\/comments?post=11295"}],"version-history":[{"count":0,"href":"https:\/\/capelladeministrers.com\/ca\/wp-json\/wp\/v2\/posts\/11295\/revisions"}],"wp:featuredmedia":[{"embeddable":true,"href":"https:\/\/capelladeministrers.com\/ca\/wp-json\/wp\/v2\/media\/11141"}],"wp:attachment":[{"href":"https:\/\/capelladeministrers.com\/ca\/wp-json\/wp\/v2\/media?parent=11295"}],"wp:term":[{"taxonomy":"category","embeddable":true,"href":"https:\/\/capelladeministrers.com\/ca\/wp-json\/wp\/v2\/categories?post=11295"},{"taxonomy":"post_tag","embeddable":true,"href":"https:\/\/capelladeministrers.com\/ca\/wp-json\/wp\/v2\/tags?post=11295"}],"curies":[{"name":"wp","href":"https:\/\/api.w.org\/{rel}","templated":true}]}}